{"id":648,"date":"2024-04-10T14:05:13","date_gmt":"2024-04-10T14:05:13","guid":{"rendered":"https:\/\/www.avocatfrancophone.com\/?p=648"},"modified":"2024-04-10T14:05:13","modified_gmt":"2024-04-10T14:05:13","slug":"inmobiliario-esos-extranjeros-que-compran-en-espana-quienes-donde-para-que","status":"publish","type":"post","link":"https:\/\/www.avocatfrancophone.com\/es\/inmobiliario-esos-extranjeros-que-compran-en-espana-quienes-donde-para-que\/","title":{"rendered":"INMOBILIARIO: esos extranjeros que compran en Espa\u00f1a&#8230;\u00bfqui\u00e9nes, d\u00f3nde, para qu\u00e9?"},"content":{"rendered":"<p>La primavera se acerca y el verano est\u00e1 en camino&#8230; pero \u00bfd\u00f3nde se re\u00fanen y compran su segunda residencia los extranjeros, por nacionalidad?<\/p>\n<p>\u00bfSon muchos los extranjeros que compran en Espa\u00f1a? Seg\u00fan las estad\u00edsticas, en 2023, los compradores extranjeros representaban el 14,98% de las compras de bienes inmuebles en Espa\u00f1a, lo que equivale a 87.400 viviendas en total. En 2022, esta cifra fue del 13,75%, es decir, alrededor de 88.000 viviendas vendidas a extranjeros.<\/p>\n<p>Hemos elaborado una lista de las tendencias de elecci\u00f3n de lugares de vacaciones, por nacionalidad, basadas en las compras de bienes inmuebles:<\/p>\n<p>1. Brit\u00e1nicos:<br \/>\n&#8211; Costa del Sol (Marbella, Mijas, Estepona)<br \/>\n&#8211; Costa Blanca (Alicante, Benidorm)<br \/>\n&#8211; Islas Baleares (Mallorca, Ibiza)<\/p>\n<p>2. Franceses:<br \/>\n&#8211; Costa Brava (Gerona, Empuriabrava)<br \/>\n&#8211; Catalu\u00f1a (Barcelona, Sitges)<br \/>\n&#8211; Regiones vin\u00edcolas (La Rioja, Ribera del Duero)<\/p>\n<p>3. Alemanes:<br \/>\n&#8211; Costa del Sol (Marbella, Mijas, Fuengirola)<br \/>\n&#8211; Mallorca (principalmente Palma y sus alrededores)<br \/>\n&#8211; Costa Blanca (Alicante, Benidorm)<\/p>\n<p>4. Belgas:<br \/>\n&#8211; Costa Blanca (Alicante, Benidorm)<br \/>\n&#8211; Costa del Sol (Marbella, Estepona)<br \/>\n&#8211; Mallorca (principalmente Palma y zonas costeras)<\/p>\n<p>5. Suecos:<br \/>\n&#8211; Costa del Sol (Marbella, Estepona)<br \/>\n&#8211; Costa Blanca (Alicante, Benidorm)<br \/>\n&#8211; Islas Baleares (Mallorca)<\/p>\n<p>6. Noruegos:<br \/>\n&#8211; Costa del Sol (Marbella, Mijas)<br \/>\n&#8211; Costa Blanca (Alicante, Benidorm)<br \/>\n&#8211; Mallorca (principalmente Palma y alrededores)<\/p>\n<p>7. Rusos:<br \/>\n&#8211; Costa del Sol (Marbella, Puerto Ban\u00fas)<br \/>\n&#8211; Costa Blanca (Alicante, Benidorm)<br \/>\n&#8211; Barcelona (principalmente en zonas de lujo como Pedralbes)<\/p>\n<p>8. Italianos:<br \/>\n&#8211; Costa del Sol (Marbella, Estepona)<br \/>\n&#8211; Costa Blanca (Alicante, Benidorm)<br \/>\n&#8211; Madrid (principalmente en zonas c\u00e9ntricas y de lujo)<\/p>\n<p>9. Neerlandeses:<br \/>\n&#8211; Costa del Sol (Marbella, Mijas)<br \/>\n&#8211; Costa Blanca (Alicante, Benidorm)<br \/>\n&#8211; Islas Canarias (Tenerife, Gran Canaria)<\/p>\n<p>10. Suizos:<br \/>\n&#8211; Costa del Sol (Marbella, Mijas)<br \/>\n&#8211; Costa Blanca (Alicante, Benidorm)<br \/>\n&#8211; Mallorca (principalmente Palma y alrededores)<\/p>\n<p>Estas son generalidades y las preferencias individuales pueden variar. Adem\u00e1s, muchas nacionalidades tienen intereses en varias regiones de Espa\u00f1a, y algunos lugares pueden ser populares entre varios grupos.<\/p>\n<p>&nbsp;<\/p>\n<p>Le recomendamos algunos art\u00edculos sobre este tema: ver el peri\u00f3dico <a href=\"https:\/\/www.20minutos.es\/noticia\/5233501\/0\/los-extranjeros-compraron-15-las-viviendas-vendidas-2023-su-peso-bate-record-pese-frenazo-inmobiliario\/\">20 minutos aqu<\/a>\u00ed, o en <a href=\"https:\/\/www.idealista.com\/fr\/news\/propriete-a-vendre-en-espagne\/2024\/01\/22\/165447-2023-a-ete-lannee-ou-les-etrangers-ont-craque-pour-un-logement-en\">Idealista<\/a>, y <a href=\"https:\/\/www.idealista.com\/fr\/news\/propriete-a-vendre-en-espagne\/2023\/10\/16\/149952-au-dela-des-britanniques-quels-etrangers-achetent-encore-des-maisons\">tambi\u00e9n aqu\u00ed<\/a>, aunque el art\u00edculo est\u00e1 retrasado un trimestre en datos (octubre de 2023 para el segundo trimestre).<\/p>\n","protected":false},"excerpt":{"rendered":"<p>La primavera se acerca y el verano est\u00e1 en camino&#8230; pero \u00bfd\u00f3nde se re\u00fanen y compran su segunda residencia los extranjeros, por nacionalidad? \u00bfSon muchos los extranjeros que compran en [&hellip;]<\/p>\n","protected":false},"author":2,"featured_media":646,"comment_status":"open","ping_status":"open","sticky":false,"template":"","format":"standard","meta":{"footnotes":""},"categories":[30],"tags":[67],"class_list":["post-648","post","type-post","status-publish","format-standard","has-post-thumbnail","hentry","category-inmobiliario","tag-comprar-bienes-inmuebles-en-espana"],"yoast_head":"<!-- This site is optimized with the Yoast SEO plugin v26.0 - https:\/\/yoast.com\/wordpress\/plugins\/seo\/ -->\n<title>INMOBILIARIO: esos extranjeros que compran en Espa\u00f1a...\u00bfqui\u00e9nes, d\u00f3nde, para qu\u00e9? - Avocat Francophone Espagne<\/title>\n<meta name=\"description\" content=\"En 2023 casi un 15% de las viviendas fueron compradas por extranjeros. Quienes son, para qu\u00e9 y donde compran en Espa\u00f1a?\" \/>\n<meta name=\"robots\" content=\"index, follow, max-snippet:-1, max-image-preview:large, max-video-preview:-1\" \/>\n<link rel=\"canonical\" href=\"https:\/\/www.avocatfrancophone.com\/es\/inmobiliario-esos-extranjeros-que-compran-en-espana-quienes-donde-para-que\/\" \/>\n<meta property=\"og:locale\" content=\"es_ES\" \/>\n<meta property=\"og:type\" content=\"article\" \/>\n<meta property=\"og:title\" content=\"INMOBILIARIO: esos extranjeros que compran en Espa\u00f1a...\u00bfqui\u00e9nes, d\u00f3nde, para qu\u00e9? - Avocat Francophone Espagne\" \/>\n<meta property=\"og:description\" content=\"En 2023 casi un 15% de las viviendas fueron compradas por extranjeros. Quienes son, para qu\u00e9 y donde compran en Espa\u00f1a?\" \/>\n<meta property=\"og:url\" content=\"https:\/\/www.avocatfrancophone.com\/es\/inmobiliario-esos-extranjeros-que-compran-en-espana-quienes-donde-para-que\/\" \/>\n<meta property=\"og:site_name\" content=\"Avocat Francophone Espagne\" \/>\n<meta property=\"article:published_time\" content=\"2024-04-10T14:05:13+00:00\" \/>\n<meta property=\"og:image\" content=\"https:\/\/www.avocatfrancophone.com\/wp-content\/uploads\/2024\/04\/Colombian14102020P.jpg\" \/>\n\t<meta property=\"og:image:width\" content=\"900\" \/>\n\t<meta property=\"og:image:height\" content=\"675\" \/>\n\t<meta property=\"og:image:type\" content=\"image\/jpeg\" \/>\n<meta name=\"author\" content=\"mPontigo\" \/>\n<meta name=\"twitter:card\" content=\"summary_large_image\" \/>\n<meta name=\"twitter:label1\" content=\"Escrito por\" \/>\n\t<meta name=\"twitter:data1\" content=\"mPontigo\" \/>\n\t<meta name=\"twitter:label2\" content=\"Tiempo de lectura\" \/>\n\t<meta name=\"twitter:data2\" content=\"2 minutos\" \/>\n<script type=\"application\/ld+json\" class=\"yoast-schema-graph\">{\"@context\":\"https:\/\/schema.org\",\"@graph\":[{\"@type\":\"WebPage\",\"@id\":\"https:\/\/www.avocatfrancophone.com\/es\/inmobiliario-esos-extranjeros-que-compran-en-espana-quienes-donde-para-que\/\",\"url\":\"https:\/\/www.avocatfrancophone.com\/es\/inmobiliario-esos-extranjeros-que-compran-en-espana-quienes-donde-para-que\/\",\"name\":\"INMOBILIARIO: esos extranjeros que compran en Espa\u00f1a...\u00bfqui\u00e9nes, d\u00f3nde, para qu\u00e9? - Avocat Francophone Espagne\",\"isPartOf\":{\"@id\":\"https:\/\/www.avocatfrancophone.com\/#website\"},\"primaryImageOfPage\":{\"@id\":\"https:\/\/www.avocatfrancophone.com\/es\/inmobiliario-esos-extranjeros-que-compran-en-espana-quienes-donde-para-que\/#primaryimage\"},\"image\":{\"@id\":\"https:\/\/www.avocatfrancophone.com\/es\/inmobiliario-esos-extranjeros-que-compran-en-espana-quienes-donde-para-que\/#primaryimage\"},\"thumbnailUrl\":\"https:\/\/www.avocatfrancophone.com\/wp-content\/uploads\/2024\/04\/Colombian14102020P.jpg\",\"datePublished\":\"2024-04-10T14:05:13+00:00\",\"author\":{\"@id\":\"https:\/\/www.avocatfrancophone.com\/#\/schema\/person\/26ccac3d9dc8c29b686c75b4f29d99a4\"},\"description\":\"En 2023 casi un 15% de las viviendas fueron compradas por extranjeros. Quienes son, para qu\u00e9 y donde compran en Espa\u00f1a?\",\"breadcrumb\":{\"@id\":\"https:\/\/www.avocatfrancophone.com\/es\/inmobiliario-esos-extranjeros-que-compran-en-espana-quienes-donde-para-que\/#breadcrumb\"},\"inLanguage\":\"es\",\"potentialAction\":[{\"@type\":\"ReadAction\",\"target\":[\"https:\/\/www.avocatfrancophone.com\/es\/inmobiliario-esos-extranjeros-que-compran-en-espana-quienes-donde-para-que\/\"]}]},{\"@type\":\"ImageObject\",\"inLanguage\":\"es\",\"@id\":\"https:\/\/www.avocatfrancophone.com\/es\/inmobiliario-esos-extranjeros-que-compran-en-espana-quienes-donde-para-que\/#primaryimage\",\"url\":\"https:\/\/www.avocatfrancophone.com\/wp-content\/uploads\/2024\/04\/Colombian14102020P.jpg\",\"contentUrl\":\"https:\/\/www.avocatfrancophone.com\/wp-content\/uploads\/2024\/04\/Colombian14102020P.jpg\",\"width\":900,\"height\":675,\"caption\":\"Vue de mer sur la Costa Brava.\"},{\"@type\":\"BreadcrumbList\",\"@id\":\"https:\/\/www.avocatfrancophone.com\/es\/inmobiliario-esos-extranjeros-que-compran-en-espana-quienes-donde-para-que\/#breadcrumb\",\"itemListElement\":[{\"@type\":\"ListItem\",\"position\":1,\"name\":\"Accueil\",\"item\":\"https:\/\/www.avocatfrancophone.com\/es\/\"},{\"@type\":\"ListItem\",\"position\":2,\"name\":\"INMOBILIARIO: esos extranjeros que compran en Espa\u00f1a&#8230;\u00bfqui\u00e9nes, d\u00f3nde, para qu\u00e9?\"}]},{\"@type\":\"WebSite\",\"@id\":\"https:\/\/www.avocatfrancophone.com\/#website\",\"url\":\"https:\/\/www.avocatfrancophone.com\/\",\"name\":\"Avocat Francophone Espagne\",\"description\":\"Votre Bureaux Francophone \u00e0 l&#039;Espagne\",\"potentialAction\":[{\"@type\":\"SearchAction\",\"target\":{\"@type\":\"EntryPoint\",\"urlTemplate\":\"https:\/\/www.avocatfrancophone.com\/?s={search_term_string}\"},\"query-input\":{\"@type\":\"PropertyValueSpecification\",\"valueRequired\":true,\"valueName\":\"search_term_string\"}}],\"inLanguage\":\"es\"},{\"@type\":\"Person\",\"@id\":\"https:\/\/www.avocatfrancophone.com\/#\/schema\/person\/26ccac3d9dc8c29b686c75b4f29d99a4\",\"name\":\"mPontigo\",\"image\":{\"@type\":\"ImageObject\",\"inLanguage\":\"es\",\"@id\":\"https:\/\/www.avocatfrancophone.com\/#\/schema\/person\/image\/\",\"url\":\"https:\/\/secure.gravatar.com\/avatar\/b9e4e7bfbf036ece0ce9324a6bf1d89fc59391637ac06bc40e076cd580bb8c89?s=96&d=mm&r=g\",\"contentUrl\":\"https:\/\/secure.gravatar.com\/avatar\/b9e4e7bfbf036ece0ce9324a6bf1d89fc59391637ac06bc40e076cd580bb8c89?s=96&d=mm&r=g\",\"caption\":\"mPontigo\"},\"url\":\"https:\/\/www.avocatfrancophone.com\/es\/author\/mpontigo\/\"}]}<\/script>\n<!-- \/ Yoast SEO plugin. -->","yoast_head_json":{"title":"INMOBILIARIO: esos extranjeros que compran en Espa\u00f1a...\u00bfqui\u00e9nes, d\u00f3nde, para qu\u00e9? - Avocat Francophone Espagne","description":"En 2023 casi un 15% de las viviendas fueron compradas por extranjeros. Quienes son, para qu\u00e9 y donde compran en Espa\u00f1a?","robots":{"index":"index","follow":"follow","max-snippet":"max-snippet:-1","max-image-preview":"max-image-preview:large","max-video-preview":"max-video-preview:-1"},"canonical":"https:\/\/www.avocatfrancophone.com\/es\/inmobiliario-esos-extranjeros-que-compran-en-espana-quienes-donde-para-que\/","og_locale":"es_ES","og_type":"article","og_title":"INMOBILIARIO: esos extranjeros que compran en Espa\u00f1a...\u00bfqui\u00e9nes, d\u00f3nde, para qu\u00e9? - Avocat Francophone Espagne","og_description":"En 2023 casi un 15% de las viviendas fueron compradas por extranjeros. Quienes son, para qu\u00e9 y donde compran en Espa\u00f1a?","og_url":"https:\/\/www.avocatfrancophone.com\/es\/inmobiliario-esos-extranjeros-que-compran-en-espana-quienes-donde-para-que\/","og_site_name":"Avocat Francophone Espagne","article_published_time":"2024-04-10T14:05:13+00:00","og_image":[{"width":900,"height":675,"url":"https:\/\/www.avocatfrancophone.com\/wp-content\/uploads\/2024\/04\/Colombian14102020P.jpg","type":"image\/jpeg"}],"author":"mPontigo","twitter_card":"summary_large_image","twitter_misc":{"Escrito por":"mPontigo","Tiempo de lectura":"2 minutos"},"schema":{"@context":"https:\/\/schema.org","@graph":[{"@type":"WebPage","@id":"https:\/\/www.avocatfrancophone.com\/es\/inmobiliario-esos-extranjeros-que-compran-en-espana-quienes-donde-para-que\/","url":"https:\/\/www.avocatfrancophone.com\/es\/inmobiliario-esos-extranjeros-que-compran-en-espana-quienes-donde-para-que\/","name":"INMOBILIARIO: esos extranjeros que compran en Espa\u00f1a...\u00bfqui\u00e9nes, d\u00f3nde, para qu\u00e9? - Avocat Francophone Espagne","isPartOf":{"@id":"https:\/\/www.avocatfrancophone.com\/#website"},"primaryImageOfPage":{"@id":"https:\/\/www.avocatfrancophone.com\/es\/inmobiliario-esos-extranjeros-que-compran-en-espana-quienes-donde-para-que\/#primaryimage"},"image":{"@id":"https:\/\/www.avocatfrancophone.com\/es\/inmobiliario-esos-extranjeros-que-compran-en-espana-quienes-donde-para-que\/#primaryimage"},"thumbnailUrl":"https:\/\/www.avocatfrancophone.com\/wp-content\/uploads\/2024\/04\/Colombian14102020P.jpg","datePublished":"2024-04-10T14:05:13+00:00","author":{"@id":"https:\/\/www.avocatfrancophone.com\/#\/schema\/person\/26ccac3d9dc8c29b686c75b4f29d99a4"},"description":"En 2023 casi un 15% de las viviendas fueron compradas por extranjeros. Quienes son, para qu\u00e9 y donde compran en Espa\u00f1a?","breadcrumb":{"@id":"https:\/\/www.avocatfrancophone.com\/es\/inmobiliario-esos-extranjeros-que-compran-en-espana-quienes-donde-para-que\/#breadcrumb"},"inLanguage":"es","potentialAction":[{"@type":"ReadAction","target":["https:\/\/www.avocatfrancophone.com\/es\/inmobiliario-esos-extranjeros-que-compran-en-espana-quienes-donde-para-que\/"]}]},{"@type":"ImageObject","inLanguage":"es","@id":"https:\/\/www.avocatfrancophone.com\/es\/inmobiliario-esos-extranjeros-que-compran-en-espana-quienes-donde-para-que\/#primaryimage","url":"https:\/\/www.avocatfrancophone.com\/wp-content\/uploads\/2024\/04\/Colombian14102020P.jpg","contentUrl":"https:\/\/www.avocatfrancophone.com\/wp-content\/uploads\/2024\/04\/Colombian14102020P.jpg","width":900,"height":675,"caption":"Vue de mer sur la Costa Brava."},{"@type":"BreadcrumbList","@id":"https:\/\/www.avocatfrancophone.com\/es\/inmobiliario-esos-extranjeros-que-compran-en-espana-quienes-donde-para-que\/#breadcrumb","itemListElement":[{"@type":"ListItem","position":1,"name":"Accueil","item":"https:\/\/www.avocatfrancophone.com\/es\/"},{"@type":"ListItem","position":2,"name":"INMOBILIARIO: esos extranjeros que compran en Espa\u00f1a&#8230;\u00bfqui\u00e9nes, d\u00f3nde, para qu\u00e9?"}]},{"@type":"WebSite","@id":"https:\/\/www.avocatfrancophone.com\/#website","url":"https:\/\/www.avocatfrancophone.com\/","name":"Avocat Francophone Espagne","description":"Votre Bureaux Francophone \u00e0 l&#039;Espagne","potentialAction":[{"@type":"SearchAction","target":{"@type":"EntryPoint","urlTemplate":"https:\/\/www.avocatfrancophone.com\/?s={search_term_string}"},"query-input":{"@type":"PropertyValueSpecification","valueRequired":true,"valueName":"search_term_string"}}],"inLanguage":"es"},{"@type":"Person","@id":"https:\/\/www.avocatfrancophone.com\/#\/schema\/person\/26ccac3d9dc8c29b686c75b4f29d99a4","name":"mPontigo","image":{"@type":"ImageObject","inLanguage":"es","@id":"https:\/\/www.avocatfrancophone.com\/#\/schema\/person\/image\/","url":"https:\/\/secure.gravatar.com\/avatar\/b9e4e7bfbf036ece0ce9324a6bf1d89fc59391637ac06bc40e076cd580bb8c89?s=96&d=mm&r=g","contentUrl":"https:\/\/secure.gravatar.com\/avatar\/b9e4e7bfbf036ece0ce9324a6bf1d89fc59391637ac06bc40e076cd580bb8c89?s=96&d=mm&r=g","caption":"mPontigo"},"url":"https:\/\/www.avocatfrancophone.com\/es\/author\/mpontigo\/"}]}},"_links":{"self":[{"href":"https:\/\/www.avocatfrancophone.com\/es\/wp-json\/wp\/v2\/posts\/648","targetHints":{"allow":["GET"]}}],"collection":[{"href":"https:\/\/www.avocatfrancophone.com\/es\/wp-json\/wp\/v2\/posts"}],"about":[{"href":"https:\/\/www.avocatfrancophone.com\/es\/wp-json\/wp\/v2\/types\/post"}],"author":[{"embeddable":true,"href":"https:\/\/www.avocatfrancophone.com\/es\/wp-json\/wp\/v2\/users\/2"}],"replies":[{"embeddable":true,"href":"https:\/\/www.avocatfrancophone.com\/es\/wp-json\/wp\/v2\/comments?post=648"}],"version-history":[{"count":1,"href":"https:\/\/www.avocatfrancophone.com\/es\/wp-json\/wp\/v2\/posts\/648\/revisions"}],"predecessor-version":[{"id":649,"href":"https:\/\/www.avocatfrancophone.com\/es\/wp-json\/wp\/v2\/posts\/648\/revisions\/649"}],"wp:featuredmedia":[{"embeddable":true,"href":"https:\/\/www.avocatfrancophone.com\/es\/wp-json\/wp\/v2\/media\/646"}],"wp:attachment":[{"href":"https:\/\/www.avocatfrancophone.com\/es\/wp-json\/wp\/v2\/media?parent=648"}],"wp:term":[{"taxonomy":"category","embeddable":true,"href":"https:\/\/www.avocatfrancophone.com\/es\/wp-json\/wp\/v2\/categories?post=648"},{"taxonomy":"post_tag","embeddable":true,"href":"https:\/\/www.avocatfrancophone.com\/es\/wp-json\/wp\/v2\/tags?post=648"}],"curies":[{"name":"wp","href":"https:\/\/api.w.org\/{rel}","templated":true}]}}