{"id":701,"date":"2024-06-09T12:35:01","date_gmt":"2024-06-09T12:35:01","guid":{"rendered":"https:\/\/www.avocatfrancophone.com\/?p=701"},"modified":"2025-04-09T12:40:32","modified_gmt":"2025-04-09T12:40:32","slug":"proteccion-de-los-menores-en-los-entornos-digitales-por-fin-una-ley-en-espana","status":"publish","type":"post","link":"https:\/\/www.avocatfrancophone.com\/es\/proteccion-de-los-menores-en-los-entornos-digitales-por-fin-una-ley-en-espana\/","title":{"rendered":"Protecci\u00f3n de los Menores en los Entornos Digitales: \u00a1por fin una ley en Espa\u00f1a!"},"content":{"rendered":"<p>En 2023, los medios de comunicaci\u00f3n pusieron en evidencia los problemas y riesgos a los que se enfrentan los menores debido a su conexi\u00f3n con las redes sociales y la hiperconexi\u00f3n a las pantallas. Esta preocupaci\u00f3n es compartida por padres y docentes, destacando delitos graves como la creaci\u00f3n y difusi\u00f3n de fotos de menores desnudos mediante inteligencia artificial (IA). Sin embargo, tambi\u00e9n se ha se\u00f1alado que la IA puede mejorar el control de contenidos y proteger a los menores de la pornograf\u00eda y otros peligros en las redes sociales.<\/p>\n<h3>Aprobaci\u00f3n del Proyecto de Ley en Espa\u00f1a el lunes 4 de junio de 2024:<\/h3>\n<p>El 4 de junio, el Consejo de Ministros espa\u00f1ol aprob\u00f3 en primera lectura un proyecto de ley para la protecci\u00f3n de los menores en los entornos digitales. Este incluye medidas como \u00f3rdenes de alejamiento virtual, pruebas pedi\u00e1tricas para detectar usos inapropiados y sanciones por la creaci\u00f3n y difusi\u00f3n de contenidos sexuales o difamatorios generados por IA. Adem\u00e1s, el control parental ser\u00e1 de instalaci\u00f3n obligatoria en todos los dispositivos digitales.<\/p>\n<h3>En resumen: principales medidas del Proyecto de Ley<\/h3>\n<ol>\n<li><strong>Control Parental Obligatorio<\/strong>: Todos los dispositivos digitales deber\u00e1n incluir un control parental de f\u00e1brica, activable al encenderse por primera vez.<\/li>\n<li><strong>Campa\u00f1as de Sensibilizaci\u00f3n<\/strong>: Las autoridades p\u00fablicas llevar\u00e1n a cabo campa\u00f1as sobre los derechos de los menores y los riesgos digitales.<\/li>\n<li><strong>Pruebas Pedi\u00e1tricas<\/strong>: Durante las revisiones pedi\u00e1tricas, se realizar\u00e1n pruebas para identificar el uso inapropiado de dispositivos electr\u00f3nicos.<\/li>\n<li><strong>Penalizaci\u00f3n de Delitos Digitales<\/strong>: Se penalizar\u00e1 la creaci\u00f3n y difusi\u00f3n de contenidos sexuales o difamatorios con IA, y el <em>grooming<\/em> (enga\u00f1o en l\u00ednea a menores) ser\u00e1 considerado un delito.<\/li>\n<li><strong>Verificaci\u00f3n de Edad<\/strong>: Se implementar\u00e1 un nuevo sistema de verificaci\u00f3n de edad en los pr\u00f3ximos meses, con su propio marco legal.<\/li>\n<\/ol>\n<h3>Protecciones Adicionales:<\/h3>\n<ul>\n<li><strong>Consentimiento en Redes Sociales<\/strong>: La edad m\u00ednima para otorgar consentimiento en el tratamiento de datos en redes sociales pasa de 14 a 16 a\u00f1os.<\/li>\n<li><strong>Prohibici\u00f3n de las Cajas de Bot\u00edn<\/strong>: Los menores no podr\u00e1n acceder a cajas de bot\u00edn o recompensas en los videojuegos.<\/li>\n<li><strong>Etiquetado de Contenidos<\/strong>: Los contenidos digitales incluir\u00e1n advertencias claras si no son aptos para menores.<\/li>\n<\/ul>\n<h3>Estrategia Nacional y Educaci\u00f3n:<\/h3>\n<p>Se desarrollar\u00e1 una Estrategia Nacional para la protecci\u00f3n de los menores en entornos digitales, que ser\u00e1 revisada cada tres a\u00f1os. Tambi\u00e9n se implementar\u00e1 un plan de alfabetizaci\u00f3n digital en escuelas primarias y secundarias, con el fin de proporcionar a los menores herramientas y autonom\u00eda para utilizar la tecnolog\u00eda de manera segura.<\/p>\n<h3>Datos Relevantes:<\/h3>\n<p>Un informe de UNICEF de 2021 revela que la edad promedio para obtener el primer tel\u00e9fono m\u00f3vil es de 11 a\u00f1os. Adem\u00e1s, el 94,8 % de los adolescentes posee un tel\u00e9fono con acceso a Internet y el 90,8 % se conecta casi todos los d\u00edas. El 98,5 % de los adolescentes est\u00e1 registrado en una red social y el 83,5 % en tres o m\u00e1s.<\/p>\n<h3>En conclusi\u00f3n:<\/h3>\n<p>Esta ley busca equilibrar los beneficios y riesgos de la tecnolog\u00eda digital, proporcionando un marco de protecci\u00f3n s\u00f3lido para los menores en Espa\u00f1a. Gracias a estas medidas, se espera que las familias se sientan m\u00e1s tranquilas y los menores m\u00e1s seguros en el entorno digital.<\/p>\n<p>\u00a1Esperemos que su implementaci\u00f3n nos brinde alivio en esta materia!<\/p>\n<hr \/>\n<p><strong>Nota:<\/strong> Este art\u00edculo ha sido redactado a partir de IA y fuentes en redes (ver bibliograf\u00eda). Las t\u00e9cnicas utilizadas, as\u00ed como su correcci\u00f3n y adaptaci\u00f3n, est\u00e1n sujetas a Propiedad Intelectual de esta oficina. La imagen ha sido creada con IA utilizando varios <em>prompts<\/em> para este prop\u00f3sito.<\/p>\n<p>Este art\u00edculo se basa en la versi\u00f3n espa\u00f1ola de <a href=\"https:\/\/www.legaltoday.com\/actualidad-juridica\/noticias-de-derecho\/aprobada-la-ley-de-proteccion-digital-del-menor-con-alejamiento-online-test-pediatricos-y-control-parental-2024-06-05\/?utm_campaign=ES%20-%20FID%20-%20GAZETA%20CM%20-%2020240605&amp;utm_medium=email&amp;utm_source=Eloqua&amp;chl=em&amp;elq_mid=59876&amp;elq_cid=1330634&amp;elq_ename=gazeta-cm-abogados-050624&amp;sfdccampaignid=&amp;cid=EX2_HUN_CAP_Hoja-de-encargo\"><strong>LEGAL TODAY<\/strong> del 5 de junio<\/a>, complementado con informaci\u00f3n del <strong>Ministerio de Justicia de Espa\u00f1a<\/strong> del 4 de junio, todo en espa\u00f1ol.<\/p>\n<p><strong>Fuentes utilizadas para la redacci\u00f3n y complementaci\u00f3n de este art\u00edculo:<\/strong><\/p>\n<ul>\n<li><a href=\"https:\/\/fr.euronews.com\/2023\/10\/09\/espagne-et-italie-les-crimes-sexuels-commis-par-des-mineurs-en-hausse-mais-pourquoi\"><em>Euronews<\/em> para la versi\u00f3n en franc\u00e9s.<\/a><\/li>\n<li><a href=\"https:\/\/ici.radio-canada.ca\/nouvelle\/2056540\/pornographie-juvenile-internet-crime-sexuel\"><em>Radio Canad\u00e1<\/em> para los delitos variados.<\/a><\/li>\n<\/ul>\n","protected":false},"excerpt":{"rendered":"<p>En 2023, los medios de comunicaci\u00f3n pusieron en evidencia los problemas y riesgos a los que se enfrentan los menores debido a su conexi\u00f3n con las redes sociales y la [&hellip;]<\/p>\n","protected":false},"author":2,"featured_media":700,"comment_status":"open","ping_status":"open","sticky":false,"template":"","format":"standard","meta":{"footnotes":""},"categories":[41,42,52],"tags":[43],"class_list":["post-701","post","type-post","status-publish","format-standard","has-post-thumbnail","hentry","category-protection-de-donnees-es","category-technologie-es","category-tic","tag-droit-technologie-de-linformation-et-comumunication-es"],"yoast_head":"<!-- This site is optimized with the Yoast SEO plugin v26.0 - https:\/\/yoast.com\/wordpress\/plugins\/seo\/ -->\n<title>Protecci\u00f3n de los Menores en los Entornos Digitales: \u00a1por fin una ley en Espa\u00f1a! - Avocat Francophone Espagne<\/title>\n<meta name=\"robots\" content=\"index, follow, max-snippet:-1, max-image-preview:large, max-video-preview:-1\" \/>\n<link rel=\"canonical\" href=\"https:\/\/www.avocatfrancophone.com\/es\/proteccion-de-los-menores-en-los-entornos-digitales-por-fin-una-ley-en-espana\/\" \/>\n<meta property=\"og:locale\" content=\"es_ES\" \/>\n<meta property=\"og:type\" content=\"article\" \/>\n<meta property=\"og:title\" content=\"Protecci\u00f3n de los Menores en los Entornos Digitales: \u00a1por fin una ley en Espa\u00f1a! - Avocat Francophone Espagne\" \/>\n<meta property=\"og:description\" content=\"En 2023, los medios de comunicaci\u00f3n pusieron en evidencia los problemas y riesgos a los que se enfrentan los menores debido a su conexi\u00f3n con las redes sociales y la [&hellip;]\" \/>\n<meta property=\"og:url\" content=\"https:\/\/www.avocatfrancophone.com\/es\/proteccion-de-los-menores-en-los-entornos-digitales-por-fin-una-ley-en-espana\/\" \/>\n<meta property=\"og:site_name\" content=\"Avocat Francophone Espagne\" \/>\n<meta property=\"article:published_time\" content=\"2024-06-09T12:35:01+00:00\" \/>\n<meta property=\"article:modified_time\" content=\"2025-04-09T12:40:32+00:00\" \/>\n<meta property=\"og:image\" content=\"https:\/\/www.avocatfrancophone.com\/wp-content\/uploads\/2024\/06\/Designer-2.jpeg\" \/>\n\t<meta property=\"og:image:width\" content=\"1024\" \/>\n\t<meta property=\"og:image:height\" content=\"1024\" \/>\n\t<meta property=\"og:image:type\" content=\"image\/jpeg\" \/>\n<meta name=\"author\" content=\"mPontigo\" \/>\n<meta name=\"twitter:card\" content=\"summary_large_image\" \/>\n<meta name=\"twitter:label1\" content=\"Escrito por\" \/>\n\t<meta name=\"twitter:data1\" content=\"mPontigo\" \/>\n\t<meta name=\"twitter:label2\" content=\"Tiempo de lectura\" \/>\n\t<meta name=\"twitter:data2\" content=\"4 minutos\" \/>\n<script type=\"application\/ld+json\" class=\"yoast-schema-graph\">{\"@context\":\"https:\/\/schema.org\",\"@graph\":[{\"@type\":\"WebPage\",\"@id\":\"https:\/\/www.avocatfrancophone.com\/es\/proteccion-de-los-menores-en-los-entornos-digitales-por-fin-una-ley-en-espana\/\",\"url\":\"https:\/\/www.avocatfrancophone.com\/es\/proteccion-de-los-menores-en-los-entornos-digitales-por-fin-una-ley-en-espana\/\",\"name\":\"Protecci\u00f3n de los Menores en los Entornos Digitales: \u00a1por fin una ley en Espa\u00f1a! - Avocat Francophone Espagne\",\"isPartOf\":{\"@id\":\"https:\/\/www.avocatfrancophone.com\/#website\"},\"primaryImageOfPage\":{\"@id\":\"https:\/\/www.avocatfrancophone.com\/es\/proteccion-de-los-menores-en-los-entornos-digitales-por-fin-una-ley-en-espana\/#primaryimage\"},\"image\":{\"@id\":\"https:\/\/www.avocatfrancophone.com\/es\/proteccion-de-los-menores-en-los-entornos-digitales-por-fin-una-ley-en-espana\/#primaryimage\"},\"thumbnailUrl\":\"https:\/\/www.avocatfrancophone.com\/wp-content\/uploads\/2024\/06\/Designer-2.jpeg\",\"datePublished\":\"2024-06-09T12:35:01+00:00\",\"dateModified\":\"2025-04-09T12:40:32+00:00\",\"author\":{\"@id\":\"https:\/\/www.avocatfrancophone.com\/#\/schema\/person\/26ccac3d9dc8c29b686c75b4f29d99a4\"},\"breadcrumb\":{\"@id\":\"https:\/\/www.avocatfrancophone.com\/es\/proteccion-de-los-menores-en-los-entornos-digitales-por-fin-una-ley-en-espana\/#breadcrumb\"},\"inLanguage\":\"es\",\"potentialAction\":[{\"@type\":\"ReadAction\",\"target\":[\"https:\/\/www.avocatfrancophone.com\/es\/proteccion-de-los-menores-en-los-entornos-digitales-por-fin-una-ley-en-espana\/\"]}]},{\"@type\":\"ImageObject\",\"inLanguage\":\"es\",\"@id\":\"https:\/\/www.avocatfrancophone.com\/es\/proteccion-de-los-menores-en-los-entornos-digitales-por-fin-una-ley-en-espana\/#primaryimage\",\"url\":\"https:\/\/www.avocatfrancophone.com\/wp-content\/uploads\/2024\/06\/Designer-2.jpeg\",\"contentUrl\":\"https:\/\/www.avocatfrancophone.com\/wp-content\/uploads\/2024\/06\/Designer-2.jpeg\",\"width\":1024,\"height\":1024,\"caption\":\"Dos ni\u00f1os usando un tablet en el salon de casa\"},{\"@type\":\"BreadcrumbList\",\"@id\":\"https:\/\/www.avocatfrancophone.com\/es\/proteccion-de-los-menores-en-los-entornos-digitales-por-fin-una-ley-en-espana\/#breadcrumb\",\"itemListElement\":[{\"@type\":\"ListItem\",\"position\":1,\"name\":\"Accueil\",\"item\":\"https:\/\/www.avocatfrancophone.com\/es\/\"},{\"@type\":\"ListItem\",\"position\":2,\"name\":\"Protecci\u00f3n de los Menores en los Entornos Digitales: \u00a1por fin una ley en Espa\u00f1a!\"}]},{\"@type\":\"WebSite\",\"@id\":\"https:\/\/www.avocatfrancophone.com\/#website\",\"url\":\"https:\/\/www.avocatfrancophone.com\/\",\"name\":\"Avocat Francophone Espagne\",\"description\":\"Votre Bureaux Francophone \u00e0 l&#039;Espagne\",\"potentialAction\":[{\"@type\":\"SearchAction\",\"target\":{\"@type\":\"EntryPoint\",\"urlTemplate\":\"https:\/\/www.avocatfrancophone.com\/?s={search_term_string}\"},\"query-input\":{\"@type\":\"PropertyValueSpecification\",\"valueRequired\":true,\"valueName\":\"search_term_string\"}}],\"inLanguage\":\"es\"},{\"@type\":\"Person\",\"@id\":\"https:\/\/www.avocatfrancophone.com\/#\/schema\/person\/26ccac3d9dc8c29b686c75b4f29d99a4\",\"name\":\"mPontigo\",\"image\":{\"@type\":\"ImageObject\",\"inLanguage\":\"es\",\"@id\":\"https:\/\/www.avocatfrancophone.com\/#\/schema\/person\/image\/\",\"url\":\"https:\/\/secure.gravatar.com\/avatar\/b9e4e7bfbf036ece0ce9324a6bf1d89fc59391637ac06bc40e076cd580bb8c89?s=96&d=mm&r=g\",\"contentUrl\":\"https:\/\/secure.gravatar.com\/avatar\/b9e4e7bfbf036ece0ce9324a6bf1d89fc59391637ac06bc40e076cd580bb8c89?s=96&d=mm&r=g\",\"caption\":\"mPontigo\"},\"url\":\"https:\/\/www.avocatfrancophone.com\/es\/author\/mpontigo\/\"}]}<\/script>\n<!-- \/ Yoast SEO plugin. -->","yoast_head_json":{"title":"Protecci\u00f3n de los Menores en los Entornos Digitales: \u00a1por fin una ley en Espa\u00f1a! - Avocat Francophone Espagne","robots":{"index":"index","follow":"follow","max-snippet":"max-snippet:-1","max-image-preview":"max-image-preview:large","max-video-preview":"max-video-preview:-1"},"canonical":"https:\/\/www.avocatfrancophone.com\/es\/proteccion-de-los-menores-en-los-entornos-digitales-por-fin-una-ley-en-espana\/","og_locale":"es_ES","og_type":"article","og_title":"Protecci\u00f3n de los Menores en los Entornos Digitales: \u00a1por fin una ley en Espa\u00f1a! - Avocat Francophone Espagne","og_description":"En 2023, los medios de comunicaci\u00f3n pusieron en evidencia los problemas y riesgos a los que se enfrentan los menores debido a su conexi\u00f3n con las redes sociales y la [&hellip;]","og_url":"https:\/\/www.avocatfrancophone.com\/es\/proteccion-de-los-menores-en-los-entornos-digitales-por-fin-una-ley-en-espana\/","og_site_name":"Avocat Francophone Espagne","article_published_time":"2024-06-09T12:35:01+00:00","article_modified_time":"2025-04-09T12:40:32+00:00","og_image":[{"width":1024,"height":1024,"url":"https:\/\/www.avocatfrancophone.com\/wp-content\/uploads\/2024\/06\/Designer-2.jpeg","type":"image\/jpeg"}],"author":"mPontigo","twitter_card":"summary_large_image","twitter_misc":{"Escrito por":"mPontigo","Tiempo de lectura":"4 minutos"},"schema":{"@context":"https:\/\/schema.org","@graph":[{"@type":"WebPage","@id":"https:\/\/www.avocatfrancophone.com\/es\/proteccion-de-los-menores-en-los-entornos-digitales-por-fin-una-ley-en-espana\/","url":"https:\/\/www.avocatfrancophone.com\/es\/proteccion-de-los-menores-en-los-entornos-digitales-por-fin-una-ley-en-espana\/","name":"Protecci\u00f3n de los Menores en los Entornos Digitales: \u00a1por fin una ley en Espa\u00f1a! - Avocat Francophone Espagne","isPartOf":{"@id":"https:\/\/www.avocatfrancophone.com\/#website"},"primaryImageOfPage":{"@id":"https:\/\/www.avocatfrancophone.com\/es\/proteccion-de-los-menores-en-los-entornos-digitales-por-fin-una-ley-en-espana\/#primaryimage"},"image":{"@id":"https:\/\/www.avocatfrancophone.com\/es\/proteccion-de-los-menores-en-los-entornos-digitales-por-fin-una-ley-en-espana\/#primaryimage"},"thumbnailUrl":"https:\/\/www.avocatfrancophone.com\/wp-content\/uploads\/2024\/06\/Designer-2.jpeg","datePublished":"2024-06-09T12:35:01+00:00","dateModified":"2025-04-09T12:40:32+00:00","author":{"@id":"https:\/\/www.avocatfrancophone.com\/#\/schema\/person\/26ccac3d9dc8c29b686c75b4f29d99a4"},"breadcrumb":{"@id":"https:\/\/www.avocatfrancophone.com\/es\/proteccion-de-los-menores-en-los-entornos-digitales-por-fin-una-ley-en-espana\/#breadcrumb"},"inLanguage":"es","potentialAction":[{"@type":"ReadAction","target":["https:\/\/www.avocatfrancophone.com\/es\/proteccion-de-los-menores-en-los-entornos-digitales-por-fin-una-ley-en-espana\/"]}]},{"@type":"ImageObject","inLanguage":"es","@id":"https:\/\/www.avocatfrancophone.com\/es\/proteccion-de-los-menores-en-los-entornos-digitales-por-fin-una-ley-en-espana\/#primaryimage","url":"https:\/\/www.avocatfrancophone.com\/wp-content\/uploads\/2024\/06\/Designer-2.jpeg","contentUrl":"https:\/\/www.avocatfrancophone.com\/wp-content\/uploads\/2024\/06\/Designer-2.jpeg","width":1024,"height":1024,"caption":"Dos ni\u00f1os usando un tablet en el salon de casa"},{"@type":"BreadcrumbList","@id":"https:\/\/www.avocatfrancophone.com\/es\/proteccion-de-los-menores-en-los-entornos-digitales-por-fin-una-ley-en-espana\/#breadcrumb","itemListElement":[{"@type":"ListItem","position":1,"name":"Accueil","item":"https:\/\/www.avocatfrancophone.com\/es\/"},{"@type":"ListItem","position":2,"name":"Protecci\u00f3n de los Menores en los Entornos Digitales: \u00a1por fin una ley en Espa\u00f1a!"}]},{"@type":"WebSite","@id":"https:\/\/www.avocatfrancophone.com\/#website","url":"https:\/\/www.avocatfrancophone.com\/","name":"Avocat Francophone Espagne","description":"Votre Bureaux Francophone \u00e0 l&#039;Espagne","potentialAction":[{"@type":"SearchAction","target":{"@type":"EntryPoint","urlTemplate":"https:\/\/www.avocatfrancophone.com\/?s={search_term_string}"},"query-input":{"@type":"PropertyValueSpecification","valueRequired":true,"valueName":"search_term_string"}}],"inLanguage":"es"},{"@type":"Person","@id":"https:\/\/www.avocatfrancophone.com\/#\/schema\/person\/26ccac3d9dc8c29b686c75b4f29d99a4","name":"mPontigo","image":{"@type":"ImageObject","inLanguage":"es","@id":"https:\/\/www.avocatfrancophone.com\/#\/schema\/person\/image\/","url":"https:\/\/secure.gravatar.com\/avatar\/b9e4e7bfbf036ece0ce9324a6bf1d89fc59391637ac06bc40e076cd580bb8c89?s=96&d=mm&r=g","contentUrl":"https:\/\/secure.gravatar.com\/avatar\/b9e4e7bfbf036ece0ce9324a6bf1d89fc59391637ac06bc40e076cd580bb8c89?s=96&d=mm&r=g","caption":"mPontigo"},"url":"https:\/\/www.avocatfrancophone.com\/es\/author\/mpontigo\/"}]}},"_links":{"self":[{"href":"https:\/\/www.avocatfrancophone.com\/es\/wp-json\/wp\/v2\/posts\/701","targetHints":{"allow":["GET"]}}],"collection":[{"href":"https:\/\/www.avocatfrancophone.com\/es\/wp-json\/wp\/v2\/posts"}],"about":[{"href":"https:\/\/www.avocatfrancophone.com\/es\/wp-json\/wp\/v2\/types\/post"}],"author":[{"embeddable":true,"href":"https:\/\/www.avocatfrancophone.com\/es\/wp-json\/wp\/v2\/users\/2"}],"replies":[{"embeddable":true,"href":"https:\/\/www.avocatfrancophone.com\/es\/wp-json\/wp\/v2\/comments?post=701"}],"version-history":[{"count":1,"href":"https:\/\/www.avocatfrancophone.com\/es\/wp-json\/wp\/v2\/posts\/701\/revisions"}],"predecessor-version":[{"id":702,"href":"https:\/\/www.avocatfrancophone.com\/es\/wp-json\/wp\/v2\/posts\/701\/revisions\/702"}],"wp:featuredmedia":[{"embeddable":true,"href":"https:\/\/www.avocatfrancophone.com\/es\/wp-json\/wp\/v2\/media\/700"}],"wp:attachment":[{"href":"https:\/\/www.avocatfrancophone.com\/es\/wp-json\/wp\/v2\/media?parent=701"}],"wp:term":[{"taxonomy":"category","embeddable":true,"href":"https:\/\/www.avocatfrancophone.com\/es\/wp-json\/wp\/v2\/categories?post=701"},{"taxonomy":"post_tag","embeddable":true,"href":"https:\/\/www.avocatfrancophone.com\/es\/wp-json\/wp\/v2\/tags?post=701"}],"curies":[{"name":"wp","href":"https:\/\/api.w.org\/{rel}","templated":true}]}}